{"id":2800,"date":"2023-04-24T08:50:00","date_gmt":"2023-04-24T08:50:00","guid":{"rendered":"https:\/\/adroitinsight.com\/oxfam-y-la-crisis-del-lenguaje-ofensivo\/"},"modified":"2023-05-09T12:56:39","modified_gmt":"2023-05-09T12:56:39","slug":"oxfam-y-la-crisis-del-lenguaje-ofensivo","status":"publish","type":"post","link":"https:\/\/adroitinsight.com\/es\/oxfam-y-la-crisis-del-lenguaje-ofensivo\/","title":{"rendered":"OXFAM y la crisis del lenguaje ofensivo"},"content":{"rendered":"\n<div class=\"wp-block-columns is-layout-flex wp-container-core-columns-is-layout-9d6595d7 wp-block-columns-is-layout-flex\">\n<div class=\"wp-block-column is-layout-flow wp-block-column-is-layout-flow\"><\/div>\n<\/div>\n\n\n\n<div class=\"wp-block-columns is-layout-flex wp-container-core-columns-is-layout-9d6595d7 wp-block-columns-is-layout-flex\">\n<div class=\"wp-block-column is-layout-flow wp-block-column-is-layout-flow\">\n<p>El d\u00eda 13 de marzo, la sede brit\u00e1nica de la organizaci\u00f3n Oxfam comparti\u00f3 entre sus empleados una gu\u00eda de lenguaje inclusivo con el objetivo de \u201c<a href=\"https:\/\/policy-practice.oxfam.org\/resources\/inclusive-language-guide-621487\/\">apoyar y empoderar a todos con los que interactuaran en el ejercicio de su trabajo, para hacerles sentir incluidos&#8221;<\/a>. Entre otras recomendaciones, se mencionaba el hecho de que &#8220;el idioma ingl\u00e9s tiene el poder de reforzar o deconstruir sistemas de poder que mantienen la desigualdad\u201d.  <\/p>\n\n\n\n<p>La gu\u00eda de lenguaje inclusivo se present\u00f3 como recurso para usar el lenguaje para ayudar a comunicarse con todos de una forma que refleje y promueva la igualdad.<\/p>\n\n\n\n<p>Pero, a pesar de las buenas intenciones de Oxfam, esta gu\u00eda, al hacerse p\u00fablica, gener\u00f3 una gran controversia en el pa\u00eds. Y hemos querido analizar el impacto, para ver qu\u00e9 influencia ha tenido sobre Oxfam, en t\u00e9rminos de imagen de marca y en su audiencia digital.<\/p>\n\n\n\n<p><strong>Quisimos analizar el impacto que esta pol\u00e9mica ha tenido en la imagen de marca de Oxfam y en su audiencia digital.<\/strong><\/p>\n<\/div>\n<\/div>\n\n\n\n<hr class=\"wp-block-separator has-alpha-channel-opacity\"\/>\n\n\n\n<h4 class=\"wp-block-heading has-teal-color has-text-color\"><strong>\u00bfQu\u00e9 red social es la id\u00f3nea para analizar una crisis de reputaci\u00f3n?<\/strong><\/h4>\n\n\n\n<p>Para analizar el impacto de una crisis de reputaci\u00f3n realizamos un <strong>an\u00e1lisis de escucha social<\/strong> (social listening) donde medimos el volumen de las conversaciones, los sentimientos positivos y negativos y tambi\u00e9n el impacto que ejercen determinados perfiles de \u201cInfluencers\u201d sobre la conversaci\u00f3n de este tema.<\/p>\n\n\n\n<p>El an\u00e1lisis lo hemos realizado sobre la red social Twitter, ya que es la red que nos permite recoger m\u00e1s datos anonimizados. Y sobre todo, porque es la red donde los usuarios se expresan sin la contenci\u00f3n social que se autoimponen en otras redes.<\/p>\n\n\n\n<p>Por ejemplo, Facebook es la red que se suele usar para interactuar con familia, amigos e incluso compa\u00f1eros de trabajo. En esta red no es muy habitual encontrarse cr\u00edticas acervadas y salidas de tono. Instagram y TikTok son redes donde predomina la apariencia positiva, por lo que tampoco es la plataforma natural para un tema muy cr\u00edtico.<\/p>\n\n\n\n<p>Aunque, l\u00f3gicamente, nos encontremos con excepciones en todas las redes, podemos decir que Twitter es la red m\u00e1s usada para ejercer la cr\u00edtica. Es por ello, por lo que analizamos la conversaci\u00f3n en Twitter, porque nos permite identificar el tipo de perfil de las diferentes audiencias digitales involucradas.<\/p>\n\n\n\n<p><\/p>\n\n\n\n<div style=\"height:22px\" aria-hidden=\"true\" class=\"wp-block-spacer\"><\/div>\n\n\n\n<p><\/p>\n\n\n\n<h4 class=\"wp-block-heading has-teal-color has-text-color\"><strong>\u00bfC\u00f3mo medimos el \u201cvolumen\u201d en una conversaci\u00f3n digital?<\/strong><\/h4>\n\n\n\n<p>Como en cualquier conversaci\u00f3n, el \u201cvolumen\u201d tiene un efecto en el impacto en las audiencias.  Para medirlo usamos las menciones y las interacciones, el engagement.<\/p>\n\n\n\n<p>Cu\u00e1ntas m\u00e1s menciones genere un tema, m\u00e1s inter\u00e9s se demuestra por parte de la audiencia. El mismo criterio se puede aplicar a las interacciones <span style=\"text-decoration: underline;\">Estas KPI\u2019s no nos permiten interpretar el sentimiento, pero si nos dan un dato medible del inter\u00e9s.<\/span><\/p>\n\n\n\n<p><\/p>\n\n\n\n<div style=\"height:19px\" aria-hidden=\"true\" class=\"wp-block-spacer\"><\/div>\n\n\n\n<p><\/p>\n\n\n\n<h4 class=\"wp-block-heading has-teal-color has-text-color\">\u00bfQu\u00e9 Insights descubrimos?<\/h4>\n\n\n\n<div class=\"wp-block-columns is-layout-flex wp-container-core-columns-is-layout-9d6595d7 wp-block-columns-is-layout-flex\">\n<div class=\"wp-block-column is-layout-flow wp-block-column-is-layout-flow\">\n<p><\/p>\n\n\n\n<p><strong>Menciones<\/strong><\/p>\n\n\n\n<p>El volumen total de menciones sobre la gu\u00eda de Oxfam ha sido de 9.8K menciones. Esto supone un incremento de un 6.800% en comparaci\u00f3n con los 30 d\u00edas anteriores a la publicaci\u00f3n de la gu\u00eda. El incremento en tan poco tiempo nos ayuda a entender el impacto en la conversaci\u00f3n digital que ha tenido la publicaci\u00f3n de la gu\u00eda de Oxfam.<\/p>\n<\/div>\n\n\n\n<div class=\"wp-block-column is-layout-flow wp-block-column-is-layout-flow\">\n<figure class=\"wp-block-image size-large is-resized\"><img loading=\"lazy\" decoding=\"async\" src=\"https:\/\/adroitinsight.com\/wp-content\/uploads\/2023\/04\/mentions3-1.svg\" alt=\"\" class=\"wp-image-1671\" width=\"1000\" height=\"414\"\/><\/figure>\n<\/div>\n<\/div>\n\n\n\n<p class=\"has-medium-font-size\"><strong>Interacciones totales<\/strong><\/p>\n\n\n\n<div class=\"wp-block-columns is-layout-flex wp-container-core-columns-is-layout-9d6595d7 wp-block-columns-is-layout-flex\">\n<div class=\"wp-block-column is-layout-flow wp-block-column-is-layout-flow\">\n<p>Al igual que suced\u00eda con las menciones, esto nos ayuda a entender la relevancia en el entorno digital de esta conversaci\u00f3n. Adem\u00e1s de generar m\u00e1s comentarios hacia la marca, tambi\u00e9n ha potenciado el engagement de esas publicaciones.<\/p>\n<\/div>\n\n\n\n<div class=\"wp-block-column is-layout-flow wp-block-column-is-layout-flow\">\n<figure class=\"wp-block-image size-large is-resized\"><img loading=\"lazy\" decoding=\"async\" src=\"https:\/\/adroitinsight.com\/wp-content\/uploads\/2023\/04\/interactions.svg\" alt=\"\" class=\"wp-image-1640\" width=\"790\" height=\"327\"\/><\/figure>\n<\/div>\n<\/div>\n\n\n\n<p><\/p>\n\n\n\n<p class=\"has-medium-font-size\"><strong>Alcance potencial<\/strong><\/p>\n\n\n\n<p>Al hablar del impacto en alcance que ha tenido la conversaci\u00f3n online comprobamos que su influencia ha llegado a superar los 2M de potenciales impactos, lo que nos ayuda a entender la repercusi\u00f3n de este tema. Han participado usuarios de \u201cgran impacto\u201d, cuyos posts llegan a un n\u00famero relevante de usuarios. Esto aumenta la visibilidad y posibilita que una mayor parte de la audiencia se pueda involucrar en la conversaci\u00f3n. Este alcance, tal y como suced\u00eda con el resto de las m\u00e9tricas ha experimentado un aumento importante, del 119%.<\/p>\n\n\n\n<p><\/p>\n\n\n\n<p><\/p>\n\n\n\n<div style=\"height:31px\" aria-hidden=\"true\" class=\"wp-block-spacer\"><\/div>\n\n\n\n<p class=\"has-medium-font-size\"><strong>Evolucion de las menciones<\/strong><\/p>\n\n\n\n<p>Aunque la gu\u00eda fue lanzada el 13 de marzo, tard\u00f3 unos d\u00edas hasta llegar a ser conocido por la audiencia en general. . El mayor pico de menciones se produce del 17 al 18 de ese mismo mes, que es cuando los medios y personajes relevantes de la sociedad brit\u00e1nica se hacen eco y comparten su opini\u00f3n en las redes sociales, provocando una ola de respuestas y visualizaciones, actuando como verdadero amplificador de la noticia.<\/p>\n\n\n\n<figure class=\"wp-block-image size-large is-resized\"><img loading=\"lazy\" decoding=\"async\" src=\"https:\/\/adroitinsight.com\/wp-content\/uploads\/2023\/04\/mentions-by-date_svg-1.svg\" alt=\"\" class=\"wp-image-1667\" width=\"595\" height=\"418\"\/><\/figure>\n\n\n\n<p>De las 9.8K de las menciones totales, se produjeron 5.2K, un 53% del total de la conversaci\u00f3n, durante ese pico de 2 d\u00edas.<\/p>\n\n\n\n<p>Sobre los amplificadores de la conversaci\u00f3n tenemos dos actores muy claros: <strong>el programa de televisi\u00f3n <a href=\"https:\/\/twitter.com\/GMB\/status\/1636623360032489473\">Good Morning Britain y John Cleese<\/a><\/strong><a href=\"https:\/\/twitter.com\/GMB\/status\/1636623360032489473\">.<\/a><\/p>\n\n\n\n<p>En la tertulia de este programa comentaron la noticia y todos los participantes opinaron de manera negativa sobre la gu\u00eda. Llegaron a referirse a la gu\u00eda de Oxfam con calificativos como \u201cescandaloso\u201d o expresiones del tipo \u201c\u00bfes esto una broma?\u201d, y realizando alegatos dirigidos directamente a los donantes de Oxfam \u201cesta gu\u00eda se ha realizado con el dinero de los donantes, en vez de invertirlo en campa\u00f1as m\u00e1s importantes\u201d. <\/p>\n\n\n\n<p>John Cleese public\u00f3 un tweet donde compart\u00eda estar ofendido con el hecho de que la gu\u00eda diera a entender que el ingl\u00e9s es \u201cun idioma colonial\u201d, y que hab\u00eda que tener cuidado con determinadas expresiones, como con la palabra \u201csupport\u201d.<\/p>\n\n\n\n<p>Ambas fuentes tuvieron una importante repercusi\u00f3n en la audiencia.<\/p>\n\n\n\n<div class=\"wp-block-columns is-layout-flex wp-container-core-columns-is-layout-9d6595d7 wp-block-columns-is-layout-flex\">\n<div class=\"wp-block-column is-layout-flow wp-block-column-is-layout-flow\">\n<figure class=\"wp-block-image size-large is-resized\"><img loading=\"lazy\" decoding=\"async\" src=\"https:\/\/adroitinsight.com\/wp-content\/uploads\/2023\/04\/gmb-twitter_svg.svg\" alt=\"\" class=\"wp-image-1664\" width=\"688\" height=\"400\"\/><\/figure>\n<\/div>\n\n\n\n<div class=\"wp-block-column is-layout-flow wp-block-column-is-layout-flow\">\n<figure class=\"wp-block-image size-large is-resized\"><img loading=\"lazy\" decoding=\"async\" src=\"https:\/\/adroitinsight.com\/wp-content\/uploads\/2023\/04\/johncleese_svg-1024x597.png\" alt=\"\" class=\"wp-image-1655\" width=\"685\" height=\"399\" srcset=\"https:\/\/adroitinsight.com\/wp-content\/uploads\/2023\/04\/johncleese_svg-1024x597.png 1024w, https:\/\/adroitinsight.com\/wp-content\/uploads\/2023\/04\/johncleese_svg-300x175.png 300w, https:\/\/adroitinsight.com\/wp-content\/uploads\/2023\/04\/johncleese_svg-768x447.png 768w, https:\/\/adroitinsight.com\/wp-content\/uploads\/2023\/04\/johncleese_svg-1536x895.png 1536w, https:\/\/adroitinsight.com\/wp-content\/uploads\/2023\/04\/johncleese_svg-2048x1193.png 2048w\" sizes=\"auto, (max-width: 685px) 100vw, 685px\" \/><\/figure>\n<\/div>\n<\/div>\n\n\n\n<h4 class=\"wp-block-heading has-teal-color has-text-color\"><strong>\u00bfC\u00f3mo medimos el sentimiendo generado en la conversaci\u00f3n?<\/strong><\/h4>\n\n\n\n<p>Las herramientas de social listening no s\u00f3lo nos permiten medir el impacto de una tem\u00e1tica espec\u00edfica, sino tambi\u00e9n el sentimiento que la audiencia tiene al respecto. En la pol\u00e9mica generada por la gu\u00eda de lenguaje inclusivo de Oxfam hemos medido de forma mayoritaria un sentimiento negativo, rozando el 80% de negatividad en el total de la conversaci\u00f3n.<\/p>\n\n\n\n<div class=\"wp-block-columns is-layout-flex wp-container-core-columns-is-layout-9d6595d7 wp-block-columns-is-layout-flex\">\n<div class=\"wp-block-column is-layout-flow wp-block-column-is-layout-flow\">\n<figure class=\"wp-block-image size-large\"><img loading=\"lazy\" decoding=\"async\" width=\"3354\" height=\"721\" src=\"https:\/\/adroitinsight.com\/wp-content\/uploads\/2023\/04\/SENTIMENT_3_SVG.svg\" alt=\"\" class=\"wp-image-1635\"\/><\/figure>\n\n\n\n<p><\/p>\n\n\n\n<p><\/p>\n<\/div>\n<\/div>\n\n\n\n<p>Los principales motivos que causaron esos comentarios negativos est\u00e1n relacionados con las siguientes tem\u00e1ticas:<\/p>\n\n\n\n<ul class=\"wp-block-list\">\n<li>El avance de la \u201ccultura woke\/culture wars\u201d en la sociedad, y la consideraci\u00f3n de que el privilegio de raza\/white privilege domina todos los estamentos con la consiguiente necesidad de incluir a otros colectivos.<\/li>\n\n\n\n<li>La reformulaci\u00f3n de los t\u00e9rminos \u201cpadre\u201d y \u201cmadre\u201d para dar cabida a las personas no binarias o trans que no estar\u00edan incluidas en el significado de esas palabras.<\/li>\n\n\n\n<li>Aluden al pasado de Oxfam en Hait\u00ed para invalidad sus argumentos de inclusi\u00f3n y pedirles que el dinero de sus donantes vaya a parar a causas m\u00e1s nobles y necesarias que la gu\u00eda de inclusi\u00f3n.<\/li>\n<\/ul>\n\n\n\n<div style=\"height:52px\" aria-hidden=\"true\" class=\"wp-block-spacer\"><\/div>\n\n\n\n<h4 class=\"wp-block-heading has-teal-color has-text-color\">Sentimiento neto a lo largo del tiempo<\/h4>\n\n\n\n<figure class=\"wp-block-image size-large is-resized\"><img loading=\"lazy\" decoding=\"async\" src=\"https:\/\/adroitinsight.com\/wp-content\/uploads\/2023\/04\/net-sentiment_marina-1024x319.png\" alt=\"\" class=\"wp-image-1683\" width=\"1306\" height=\"407\" srcset=\"https:\/\/adroitinsight.com\/wp-content\/uploads\/2023\/04\/net-sentiment_marina-1024x319.png 1024w, https:\/\/adroitinsight.com\/wp-content\/uploads\/2023\/04\/net-sentiment_marina-300x94.png 300w, https:\/\/adroitinsight.com\/wp-content\/uploads\/2023\/04\/net-sentiment_marina-768x239.png 768w, https:\/\/adroitinsight.com\/wp-content\/uploads\/2023\/04\/net-sentiment_marina-1536x479.png 1536w, https:\/\/adroitinsight.com\/wp-content\/uploads\/2023\/04\/net-sentiment_marina.png 1976w\" sizes=\"auto, (max-width: 1306px) 100vw, 1306px\" \/><\/figure>\n\n\n\n<p>Profundizando en el an\u00e1lisis digital, para centrarnos en un determinado periodo de tiempo, nos encontramos un sentimiento neto con dos vol\u00famenes diferenciados de negatividad. El primero lo encontramos unos d\u00edas antes del 8 de marzo, D\u00eda de la Mujer, donde ya se descubr\u00eda cierta resistencia por parte de algunos usuarios hacia el concepto m\u00e1s amplio e inclusivo de lo que significa ser mujer, incluyendo a las mujeres trans, defendido por Oxfam.<\/p>\n\n\n\n<p>Este primer pico de negatividad no est\u00e1 causado por la gu\u00eda de lenguaje inclusivo, sino por un rechazo a los valores que Oxfam defiende en el D\u00eda de la Mujer.<\/p>\n\n\n\n<p>El segundo volumen de negatividad, que llega hasta finales de marzo lo hallamos tras la publicaci\u00f3n de la gu\u00eda de inclusi\u00f3n de Oxfam, donde se desatan los comentarios en contra de c\u00f3mo se aborda esa inclusi\u00f3n desde una cultura del progresismo, que en opini\u00f3n de los usuarios cr\u00edticos es err\u00f3nea y va contra de lo que ellos entienden son los principios b\u00e1sicos de la sociedad.<\/p>\n\n\n\n<p>El primer volumen de negatividad nos indica que <strong>hay un cierto n\u00famero de usuarios de Twitter que ya era cr\u00edtico con Oxfam antes de la publicaci\u00f3n de la gu\u00eda<\/strong>. <\/p>\n\n\n\n<p>Aunque s\u00ed podemos ver que la pol\u00e9mica originada por la gu\u00eda dura m\u00e1s que la originada por el D\u00eda de la Mujer. El aumento del impacto temporal se explica por las sucesivas publicaciones de perfiles de medios de comunicaci\u00f3n e Influencers. <strong>Cada una de esas publicaciones aument\u00f3 la visibilidad e impacto del tema, lo que caus\u00f3 una mayor permanencia en el tiempo.<\/strong><\/p>\n\n\n\n<div style=\"height:57px\" aria-hidden=\"true\" class=\"wp-block-spacer\"><\/div>\n\n\n\n<h4 class=\"wp-block-heading has-teal-color has-text-color\">\u00bfQu\u00e9 caracter\u00edsticas tienen estas cr\u00edticas?<\/h4>\n\n\n\n<p>Para entender mejor el impacto, sus causas, alcance y sobre todo para poder identificar los canales y contenidos m\u00e1s adecuados para responder a una pol\u00e9mica de este estilo, es necesario analizar el perfil de los usuarios.<\/p>\n\n\n\n<p>Analizamos el genero y la edad de los perfiles cr\u00edticos, pero tambi\u00e9n de los perfiles que apoyaron a Oxfam.<\/p>\n\n\n\n<p>Aquellos que han compartido en sus redes una opini\u00f3n negativa sobre la gu\u00eda de Oxfam son en su gran mayor\u00eda hombres en la franja de edad de 25 \u2013 34 a\u00f1os. Este grupo ha sido el m\u00e1s reactivo con las tem\u00e1ticas que aborda la gu\u00eda: feminismo, el pasado colonialista de Inglaterra y su influencia en el lenguaje, transfeminismo y la inclusi\u00f3n en todos los estamentos de la sociedad.<\/p>\n\n\n\n<div style=\"height:59px\" aria-hidden=\"true\" class=\"wp-block-spacer\"><\/div>\n\n\n\n<div class=\"wp-block-columns is-layout-flex wp-container-core-columns-is-layout-9d6595d7 wp-block-columns-is-layout-flex\">\n<div class=\"wp-block-column is-layout-flow wp-block-column-is-layout-flow\">\n<figure class=\"wp-block-image aligncenter size-large is-resized\"><img loading=\"lazy\" decoding=\"async\" src=\"https:\/\/adroitinsight.com\/wp-content\/uploads\/2023\/04\/critics_gender_svg.svg\" alt=\"\" class=\"wp-image-1621\" width=\"418\" height=\"273\"\/><\/figure>\n<\/div>\n\n\n\n<div class=\"wp-block-column is-layout-flow wp-block-column-is-layout-flow\">\n<figure class=\"wp-block-image size-large is-resized\"><img loading=\"lazy\" decoding=\"async\" src=\"https:\/\/adroitinsight.com\/wp-content\/uploads\/2023\/04\/critics-age_svg.svg\" alt=\"\" class=\"wp-image-1622\" width=\"450\" height=\"299\"\/><\/figure>\n<\/div>\n<\/div>\n\n\n\n<div style=\"height:41px\" aria-hidden=\"true\" class=\"wp-block-spacer\"><\/div>\n\n\n\n<p>La franja de edad es un dato muy importante, dado que \u00e9sta, en porcentaje de participaci\u00f3n en la conversaci\u00f3n, es el doble que la siguiente franja de edad de 18 \u2013 24 a\u00f1os, que es la generaci\u00f3n que ha nacido con las redes sociales y por tanto tiene una mayor penetraci\u00f3n en los medios sociales. Tienen, en comparaci\u00f3n con generaciones anteriores, una mayor facilidad para interactuar y compartir opiniones en sus redes sociales.<\/p>\n\n\n\n<p>En principio deber\u00edamos ver una actividad mayor de la franja m\u00e1s joven, pero <strong>es la franja de los de entre 25 y 34 a\u00f1os la que se ha volcado de una forma mayoritaria en este tema.<\/strong><\/p>\n\n\n\n<div style=\"height:52px\" aria-hidden=\"true\" class=\"wp-block-spacer\"><\/div>\n\n\n\n<h4 class=\"wp-block-heading has-teal-color has-text-color\">\u00bfPor qu\u00e9 son m\u00e1s activos y cr\u00edticos los de entre 25 y 34 a\u00f1os?<\/h4>\n\n\n\n<p>La franja de entre 25 y 34 a\u00f1os es la generaci\u00f3n que est\u00e1 entrando en el mundo laboral y que empieza a asumir tambi\u00e9n la maternidad y paternidad o al menos ya se est\u00e1n planteando tener hijos. <\/p>\n\n\n\n<p>Esto podr\u00eda estar reflej\u00e1ndose en sus prioridades personales y en c\u00f3mo conciben el mundo. La gu\u00eda y el \u201cruido\u201d que se ha creado alrededor de las opiniones, se percibe por este segmento de usuarios como un intento de romper con los esquemas que consideran correctos, y una \u201cimposici\u00f3n ideol\u00f3gica\u201d con la que no comulgan.<\/p>\n\n\n\n<p>Una persona de 34 a\u00f1os puede que no haya nacido con las redes sociales en su apogeo, pero si ha vivido Internet desde su infancia y son personas habituadas a usar las redes sociales. Cuando un tema les \u201ctoca la fibra&#8221; tambi\u00e9n se expresan en las redes, como los m\u00e1s j\u00f3venes.<\/p>\n\n\n\n<div style=\"height:58px\" aria-hidden=\"true\" class=\"wp-block-spacer\"><\/div>\n\n\n\n<h4 class=\"wp-block-heading has-teal-color has-text-color\">Pronombres de g\u00e9nero<\/h4>\n\n\n\n<p>En relaci\u00f3n con los pronombres de g\u00e9nero con los que la audiencia se identifica p\u00fablicamente, tenemos un grupo de audiencia que se reconoce como mujer o hombre cis. Lo que va de la mano con que hayan sido reactivos con una gu\u00eda que da cabida a la inclusi\u00f3n de las personas no binarias o trans<\/p>\n\n\n\n<p>Esta m\u00e9trica ayuda a enfocar el contenido de posteriores comunicaciones o de c\u00f3mo tratar ciertos temas, como la familia, paternidad y maternidad. Saber que gran parte de una determinada audiencia se identifica de una forma proactiva como mujer, mientras que otra parte de la audiencia no le da importancia a la identificaci\u00f3n de g\u00e9nero, porque parecer darlo por supuesto, puede ser determinante a la hora de establecer una estrategia de comunicaci\u00f3n.<\/p>\n\n\n\n<figure class=\"wp-block-image size-large is-resized\"><img loading=\"lazy\" decoding=\"async\" src=\"https:\/\/adroitinsight.com\/wp-content\/uploads\/2023\/04\/pronouns_A_svg.svg\" alt=\"\" class=\"wp-image-1619\" width=\"569\" height=\"249\"\/><\/figure>\n\n\n\n<h4 class=\"wp-block-heading has-teal-color has-text-color\">\u00bfQu\u00e9 otras m\u00e9tricas podemos medir?<\/h4>\n\n\n\n<p>El an\u00e1lisis de Social Listening permite conocer tambi\u00e9n los intereses y las ocupaciones profesionales de los participantes de la conversaci\u00f3n.<\/p>\n\n\n\n<p>Estos datos los proporcionan los propios usuarios cuando publican en las descripciones de los perfiles sus intereses y profesiones. No son datos 100% fiables, porque hay quien exagera en su descripci\u00f3n de perfil y otros pueden cambiar a lo largo del tiempo de intereses y de profesi\u00f3n, pero no actualizarlo en su descripci\u00f3n.<\/p>\n\n\n\n<p>No obstante, es un dato que permite entender la audiencia un poco mejor y sobre todo, permite realizar una clasificaci\u00f3n muy \u00fatil para la creaci\u00f3n de contenido, canal, comunicaci\u00f3n, etc.<\/p>\n\n\n\n<div style=\"height:52px\" aria-hidden=\"true\" class=\"wp-block-spacer\"><\/div>\n\n\n\n<h4 class=\"wp-block-heading has-teal-color has-text-color\">\u00bfQu\u00e9 intereses y ocupaciones tiene esta audiencia digital? <\/h4>\n\n\n\n<p>En este caso vemos algo bastante esclarecedor, ya que <strong>su principal inter\u00e9s es la Familia y la Paternidad<\/strong>, lo que nos indica el por qu\u00e9 estar\u00edan tan en contra del cambio en la utilizaci\u00f3n de los t\u00e9rminos \u201cpadre\u201d y \u201cmadre\u201d o el ser m\u00e1s inclusivo con las personas trans o no binarias que deciden ejercer la paternidad y que no se identifican con estas terminolog\u00edas.<\/p>\n\n\n\n<p>Probablemente tengan una visi\u00f3n de la familia y c\u00f3mo debe estar conformada la sociedad, desde un punto m\u00e1s tradicional y que no est\u00e1 alineado con las propuestas de otros colectivos a este respecto.<\/p>\n\n\n\n<div class=\"wp-block-columns is-layout-flex wp-container-core-columns-is-layout-9d6595d7 wp-block-columns-is-layout-flex\">\n<div class=\"wp-block-column is-layout-flow wp-block-column-is-layout-flow\">\n<figure class=\"wp-block-image alignleft size-large is-resized\"><img loading=\"lazy\" decoding=\"async\" src=\"https:\/\/adroitinsight.com\/wp-content\/uploads\/2023\/04\/interests1_svg_oxfam.svg\" alt=\"\" class=\"wp-image-1626\" width=\"576\" height=\"383\"\/><\/figure>\n<\/div>\n\n\n\n<div class=\"wp-block-column is-layout-flow wp-block-column-is-layout-flow\">\n<figure class=\"wp-block-image alignright size-large is-resized\"><img loading=\"lazy\" decoding=\"async\" src=\"https:\/\/adroitinsight.com\/wp-content\/uploads\/2023\/04\/occupations1_svg-1024x682.png\" alt=\"\" class=\"wp-image-1628\" width=\"596\" height=\"397\" srcset=\"https:\/\/adroitinsight.com\/wp-content\/uploads\/2023\/04\/occupations1_svg-1024x682.png 1024w, https:\/\/adroitinsight.com\/wp-content\/uploads\/2023\/04\/occupations1_svg-300x200.png 300w, https:\/\/adroitinsight.com\/wp-content\/uploads\/2023\/04\/occupations1_svg-768x512.png 768w, https:\/\/adroitinsight.com\/wp-content\/uploads\/2023\/04\/occupations1_svg-1536x1024.png 1536w, https:\/\/adroitinsight.com\/wp-content\/uploads\/2023\/04\/occupations1_svg-2048x1365.png 2048w\" sizes=\"auto, (max-width: 596px) 100vw, 596px\" \/><\/figure>\n<\/div>\n<\/div>\n\n\n\n<p>El conjunto de los intereses muestra una imagen de una audiencia amante de la familia, de los animales, interesada en deporte, literatura, ciencia y m\u00fasica. Los intereses m\u00e1s \u201csuperficiales\u201d, como el ocio, comida y bebidas, est\u00e1n en \u00faltimo lugar. El orden de prioridades es importante a la hora de desarrollar una estrategia de comunicaci\u00f3n. Este conocimiento podr\u00eda servir a Oxfam para desarrollar contenido y mensajes relacionados con la paternidad\/maternidad y la funci\u00f3n de la familia en los proyectos que desarrolla, para conectar mejor con esta audiencia.<\/p>\n\n\n\n<div style=\"height:79px\" aria-hidden=\"true\" class=\"wp-block-spacer\"><\/div>\n\n\n\n<h4 class=\"wp-block-heading has-teal-color has-text-color\">\u00bfC\u00f3mo influyen los Influencers en la audiencia digital?<\/h4>\n\n\n\n<p>Un Influencer es un perfil con un alcance mayor del usuario habitual. Es alguien con muchos seguidores y que puede tener una cierta capacidad de \u201cinfluencia\u201d en el comportamiento y opini\u00f3n de sus seguidores.<\/p>\n\n\n\n<p>En una campa\u00f1a comercial muchas marcas optan por el marketing a trav\u00e9s del uso de Influencers para posicionar productos, servicios o la propia imagen de marca. Pero en una \u201cconversaci\u00f3n digital\u201d existen tambi\u00e9n Influencers que pueden influir en el comportamiento, aunque no est\u00e9n bajo contrato de una marca. Un \u201cInfluencer\u201d en este caso podr\u00eda ser una persona famosa, un periodista, el perfil de un medio de comunicaci\u00f3n. Obviamente es necesario tener una gran cantidad de seguidores para tener la categor\u00eda de Influencer.<\/p>\n\n\n\n<p>En este an\u00e1lisis hemos intentado identificar a los autores de mensajes con mayor relevancia y alcance.<\/p>\n\n\n\n<div style=\"height:55px\" aria-hidden=\"true\" class=\"wp-block-spacer\"><\/div>\n\n\n\n<h4 class=\"wp-block-heading has-teal-color has-text-color\">Influencers negativos<\/h4>\n\n\n\n<p>A trav\u00e9s del an\u00e1lisis de los autores de comentarios y mensajes que m\u00e1s interactuaciones han experimentado, analizamos el nivel de la exposici\u00f3n y el alcance de los comentarios negativos sobre la gu\u00eda.<\/p>\n\n\n\n<p>Entre estos autores identificamos a grandes medios de comunicaci\u00f3n e importantes figuras de la sociedad brit\u00e1nicas, muchas de ellas cuentan con el tick azul de Twitter que ayuda a aumentar su influencia en la red que m\u00e1s amplificado principalmente este tema, Twitter.<\/p>\n\n\n\n<p><strong>El apoyo de estos &#8220;portavoces&#8221;, con un alcance mayor del habitual, ha propiciado que la opini\u00f3n negativa haya llegado mucho m\u00e1s lejos y haya tenido m\u00e1s visibilidad lo que normalmente habr\u00eda tenido. <\/strong><\/p>\n\n\n\n<p>Llegamos a esta conclusi\u00f3n al comparar la duraci\u00f3n temporal del alcance del pico de sentimiento negativo generado alrededor del 8 de marzo, Dia de la Mujer y este pico negativo, mucho m\u00e1s largo en el tiempo.<\/p>\n\n\n\n<p>El mayor alcance de estos influencer ha permitido que un tema sobre Oxfam haya podido llegar a involucrar a usuarios que ni siguen a Oxfam, ni est\u00e1n relacionados con la organizaci\u00f3n. Pero que aun siendo ajenos a Oxfam hayan participado en la conversaci\u00f3n, aportando su opini\u00f3n negativa o positiva.<\/p>\n\n\n\n<div style=\"height:45px\" aria-hidden=\"true\" class=\"wp-block-spacer\"><\/div>\n\n\n\n<figure class=\"wp-block-image size-large is-resized\"><img loading=\"lazy\" decoding=\"async\" src=\"https:\/\/adroitinsight.com\/wp-content\/uploads\/2023\/04\/influencers_n_1_svg.svg\" alt=\"\" class=\"wp-image-1650\" width=\"760\" height=\"372\"\/><\/figure>\n\n\n\n<p>Las principales preocupaciones de estos Influencers tienen relaci\u00f3n con la supuesta vinculaci\u00f3n del idioma ingl\u00e9s a un \u201cidioma colonial, que hay que redefinir\u201d y con que las palabras \u201cpadre\u201d y \u201cmadre\u201d puedan ser ofensivas para otros colectivos, ya que consideran que es una forma de borrar la presencia de las mujeres y madres en la sociedad. <\/p>\n\n\n\n<p>Los Influencer no s\u00f3lo se limitan a dar su opini\u00f3n, sino que tambi\u00e9n intentan influir directamente, conscientes del impacto de sus mensajes, en Oxfam. Una de las Influencers, <em>Ren\u00e9e Hoenderkamp<\/em>, ha llegado a decir en sus redes que ella era donante de Oxfam y que a ra\u00edz de esta gu\u00eda va a dejar de aportar dinero a la organizaci\u00f3n. La advertencia impl\u00edcita a Oxfam es obvia, si ella deja de donar, sus seguidores podr\u00edan hacer lo mismo. Aunque no se sabe si ella realmente es o ha sido donante de Oxfam en alg\u00fan momento, su mensaje s\u00ed podr\u00eda tener un impacto en un donante o socio de la organizaci\u00f3n. <\/p>\n\n\n\n<p>Este mismo an\u00e1lisis lo hemos realizado sobre la audiencia digital que hablaba de una forma positiva sobre la gu\u00eda de lenguaje inclusivo.<\/p>\n\n\n\n<div style=\"height:56px\" aria-hidden=\"true\" class=\"wp-block-spacer\"><\/div>\n\n\n\n<h4 class=\"wp-block-heading has-teal-color has-text-color\">La audiencia positiva<\/h4>\n\n\n\n<p>En el caso de los usuarios que se refieren a la gu\u00eda en t\u00e9rminos positivos, vemos que la mayor\u00eda de los participantes con opini\u00f3n positiva en la conversaci\u00f3n son, por el contrario, mujeres. Aunque la diferencia entre mujeres y hombres es estrecha, lo que nos indica a una mayor homogeneidad social en la opini\u00f3n y en el apoyo a lo que la gu\u00eda defiende.<\/p>\n\n\n\n<p>Con respecto a la edad, sucede algo similar a los cr\u00edticos a la gu\u00eda, el grupo poblacional con mayor porcentaje es el de la franja de 25 \u2013 34 a\u00f1os, pero la diferencia entre las diferentes franjas de edades es mucho m\u00e1s peque\u00f1a que en caso de los comentarios negativos. Este dato nos indica que una estabilidad y cercan\u00eda entre las diferentes generaciones con respecto a la opini\u00f3n positiva sobre los temas que aborda la gu\u00eda de lenguaje inclusivo.<\/p>\n\n\n\n<div class=\"wp-block-columns is-layout-flex wp-container-core-columns-is-layout-9d6595d7 wp-block-columns-is-layout-flex\">\n<div class=\"wp-block-column is-layout-flow wp-block-column-is-layout-flow\">\n<figure class=\"wp-block-image size-large\"><img loading=\"lazy\" decoding=\"async\" width=\"3722\" height=\"2444\" src=\"https:\/\/adroitinsight.com\/wp-content\/uploads\/2023\/04\/gender-split-oxfam_svg.svg\" alt=\"\" class=\"wp-image-1615\"\/><\/figure>\n<\/div>\n\n\n\n<div class=\"wp-block-column is-layout-flow wp-block-column-is-layout-flow\">\n<figure class=\"wp-block-image alignright size-large is-resized\"><img loading=\"lazy\" decoding=\"async\" src=\"https:\/\/adroitinsight.com\/wp-content\/uploads\/2023\/04\/age_split_svg.svg\" alt=\"\" class=\"wp-image-1617\" width=\"613\" height=\"408\"\/><\/figure>\n<\/div>\n<\/div>\n\n\n\n<h4 class=\"wp-block-heading has-teal-color has-text-color\">Pronombres de g\u00e9nero<\/h4>\n\n\n\n<p>En el an\u00e1lisis de los pronombres de g\u00e9nero vemos una situaci\u00f3n parecida al resto de las m\u00e9tricas. Entre los comentarios positivos y de apoyo a la inclusi\u00f3n del lenguaje para dar cabida a todas las personas, vemos unos datos demogr\u00e1ficos m\u00e1s amplios e inclusivos, donde participan usuarios de diferentes edades, Hay un mayor equilibrio entre g\u00e9neros, y con un espectro de pronombres m\u00e1s amplio, donde tienen cabida las personas no binarias y sus pronombres de they\/them o they\/she.<\/p>\n\n\n\n<figure class=\"wp-block-image size-large is-resized\"><img loading=\"lazy\" decoding=\"async\" src=\"https:\/\/adroitinsight.com\/wp-content\/uploads\/2023\/04\/pronouns_2_svg.svg\" alt=\"\" class=\"wp-image-1612\" width=\"558\" height=\"372\"\/><\/figure>\n\n\n\n<h4 class=\"wp-block-heading has-teal-color has-text-color\"><strong>INTERESES<\/strong><\/h4>\n\n\n\n<p>En cuanto a los intereses y las ocupaciones de aquellos que comentan positivamente sobre la gu\u00eda de Oxfam, vemos que su principal preocupaci\u00f3n tiene relaci\u00f3n con la literatura y los libros, y muestran una mayor inclinaci\u00f3n hacia temas relacionados con la educaci\u00f3n, en comparaci\u00f3n con aquellos que opinaban negativamente. <\/p>\n\n\n\n<p>Esto nos ayuda a entender que la literatura, la cultura o el arte, con todo lo que ello conlleva: valorar otras realidades o curiosidad por diferentes historias, pueden ser algo importante para este grupo. <\/p>\n\n\n\n<p>En tercera posici\u00f3n se encuentra Familia y Paternidad, aunque quiz\u00e1s lo tengan en cuenta desde una perspectiva m\u00e1s inclusiva que el otro grupo, a juzgar por sus opiniones. Esta informaci\u00f3n es relevante, de nuevo, para desarrollar una adecuada estrategia de comunicaci\u00f3n para cualquier organizaci\u00f3n. <\/p>\n\n\n\n<p>La recomendaci\u00f3n l\u00f3gica para Oxfam ser\u00eda la de incluir en las comunicaciones informaci\u00f3n sobre familia, paternidad y maternidad en las campa\u00f1as y en los proyectos que desarrollan, porque ayudar\u00eda a conectar tambi\u00e9n con este grupo.<\/p>\n\n\n\n<div class=\"wp-block-columns is-layout-flex wp-container-core-columns-is-layout-9d6595d7 wp-block-columns-is-layout-flex\">\n<div class=\"wp-block-column is-layout-flow wp-block-column-is-layout-flow\">\n<figure class=\"wp-block-image size-large\"><img loading=\"lazy\" decoding=\"async\" width=\"3667\" height=\"2444\" src=\"https:\/\/adroitinsight.com\/wp-content\/uploads\/2023\/04\/interest-group2.svg\" alt=\"\" class=\"wp-image-1630\"\/><\/figure>\n<\/div>\n\n\n\n<div class=\"wp-block-column is-layout-flow wp-block-column-is-layout-flow\">\n<figure class=\"wp-block-image size-large is-resized\"><img loading=\"lazy\" decoding=\"async\" src=\"https:\/\/adroitinsight.com\/wp-content\/uploads\/2023\/04\/occupation_group2.svg\" alt=\"\" class=\"wp-image-1631\" width=\"729\" height=\"418\"\/><\/figure>\n<\/div>\n<\/div>\n\n\n\n<div style=\"height:49px\" aria-hidden=\"true\" class=\"wp-block-spacer\"><\/div>\n\n\n\n<h4 class=\"wp-block-heading has-teal-color has-text-color\">\u00bfQu\u00e9 Influencers apoyan a Oxfam?<\/h4>\n\n\n\n<p>En el caso de los top Influencers en los comentarios positivos vemos que Twitter es tambi\u00e9n el medio principal donde ha tenido lugar la conversaci\u00f3n.<\/p>\n\n\n\n<p>La principal diferencia con respecto al otro grupo es la ausencia de portavoces con influencia e impacto en la sociedad brit\u00e1nica, que den voz a otro discurso para que llegue a m\u00e1s usuarios.<\/p>\n\n\n\n<p>Aquellos que ha compartido su opini\u00f3n son en su mayor\u00eda parte de la comunidad transg\u00e9nero, dando las gracias a Oxfam por su valent\u00eda y compromiso al compartir esta gu\u00eda que seg\u00fan ellos defiende la liberta y la realidad de muchas personas que el lenguaje no inclusivo deja fuera de sus m\u00e1rgenes.<\/p>\n\n\n\n<div style=\"height:51px\" aria-hidden=\"true\" class=\"wp-block-spacer\"><\/div>\n\n\n\n<figure class=\"wp-block-image size-large is-resized\"><img loading=\"lazy\" decoding=\"async\" src=\"https:\/\/adroitinsight.com\/wp-content\/uploads\/2023\/04\/influencers_p_1_svg.svg\" alt=\"\" class=\"wp-image-1652\" width=\"667\" height=\"341\"\/><\/figure>\n\n\n\n<p>Para ser capaces de llegar a tener una voz igual de potente que la de los cr\u00edticos y lograr una presencia similar en temas de visibilidad e impacto, Oxfam puede encontrar voces poderosas, tanto de usuarios como de medios que defiendan un lenguaje donde todas las realidades son tenidas en cuenta para avanzar hacia una sociedad m\u00e1s justa y equitativa y obtener una presencia en el entorno digital similar a la que ya tiene en la sociedad.<\/p>\n\n\n\n<div style=\"height:49px\" aria-hidden=\"true\" class=\"wp-block-spacer\"><\/div>\n\n\n\n<hr class=\"wp-block-separator has-alpha-channel-opacity\"\/>\n\n\n\n<div style=\"height:63px\" aria-hidden=\"true\" class=\"wp-block-spacer\"><\/div>\n\n\n\n<h3 class=\"wp-block-heading has-teal-color has-text-color\">\u00bfC\u00f3mo se responde a una crisis de reputaci\u00f3n de marca?<\/h3>\n\n\n\n<p>Esta controversia ha quedado geolocalizada en Inglaterra, donde Oxfam hizo p\u00fablica la gu\u00eda y donde los medios de comunicaci\u00f3n, al darlo a conocer, actuaron como amplificadores, aumentando la participaci\u00f3n de otros usuarios en el entorno digital.<\/p>\n\n\n\n<p>Muchas de las opiniones negativas partieron desde un punto de vista del desconocimiento. Gran parte de los usuarios con opini\u00f3n negativa manifestaron no haberse le\u00eddo realmente la gu\u00eda, con lo que sus afirmaciones parten ya de un contexto no real o desfigurado.<\/p>\n\n\n\n<p>Uno de los ejes centrales de la pol\u00e9mica, que Oxfam considere el ingl\u00e9s como idioma colonial u opresor, est\u00e1 basado en una afirmaci\u00f3n nunca dicha por la organizaci\u00f3n. Oxfam explicaba en su gu\u00eda que el idioma ingl\u00e9s era percibido en algunas de las antiguas colonias del imperio como el idioma de los colonizadores, por lo que ten\u00eda connotaciones negativas, con causas hist\u00f3ricas. Pero nunca dijo que fuera un idioma opresor o colonial.<\/p>\n\n\n\n<p>El punto de &#8220;desconocimiento&#8221; complica mucho la tarea de enderezar la conversaci\u00f3n hacia puntos de convergencia. Pero el alcance que lleg\u00f3 a tener el tema puede ser una oportunidad para Oxfam de desarrollar comunicaciones objetivas sobre lo que ha querido transmitir en la gu\u00eda y de dar una visi\u00f3n realista de su objetivo al dar estas recomendaciones y tambi\u00e9n puede ser una plataforma para hacer llegar otros temas de inter\u00e9s de Oxfam, aprovechando el inter\u00e9s que suscita su marca. <\/p>\n\n\n\n<p><\/p>\n\n\n\n<p><strong>Oxfam primero se reafirm\u00f3 desde la positividad en su lucha por la inclusi\u00f3n<\/strong><\/p>\n\n\n\n<figure class=\"wp-block-image size-full\"><img loading=\"lazy\" decoding=\"async\" width=\"702\" height=\"750\" src=\"https:\/\/adroitinsight.com\/wp-content\/uploads\/2023\/04\/oxfam_charity-is-for-you.png\" alt=\"\" class=\"wp-image-1538\" srcset=\"https:\/\/adroitinsight.com\/wp-content\/uploads\/2023\/04\/oxfam_charity-is-for-you.png 702w, https:\/\/adroitinsight.com\/wp-content\/uploads\/2023\/04\/oxfam_charity-is-for-you-281x300.png 281w\" sizes=\"auto, (max-width: 702px) 100vw, 702px\" \/><\/figure>\n\n\n\n<p><strong>Y una semana despu\u00e9s lanz\u00f3 la campa\u00f1a \u201cThis F \u2026 Word is more than offensive\u201d<\/strong>, esta palaba F es m\u00e1s ofensiva, jugando con la interpretaci\u00f3n que habitualmente se hace en ingl\u00e9s al hablar de \u201cF .. Word\u201d.<\/p>\n\n\n\n<p>La campa\u00f1a hace referencia a &#8220;FAMINE&#8221;, la hambruna. Un problema que afecta sobre todo a la poblaci\u00f3n en el hemisferio sur, pero que recibe una atenci\u00f3n medi\u00e1tica cada vez menor.<\/p>\n\n\n\n<figure class=\"wp-block-image size-full\"><img loading=\"lazy\" decoding=\"async\" width=\"680\" height=\"750\" src=\"https:\/\/adroitinsight.com\/wp-content\/uploads\/2023\/04\/oxfam_fword-1.png\" alt=\"\" class=\"wp-image-1536\" srcset=\"https:\/\/adroitinsight.com\/wp-content\/uploads\/2023\/04\/oxfam_fword-1.png 680w, https:\/\/adroitinsight.com\/wp-content\/uploads\/2023\/04\/oxfam_fword-1-272x300.png 272w\" sizes=\"auto, (max-width: 680px) 100vw, 680px\" \/><\/figure>\n\n\n\n<p>A trav\u00e9s de este giro Oxfam consigue darle la vuelta a la conversaci\u00f3n, para poner en el foco lo que realmente importa. Lanza un mensaje claro: \u201cmientras t\u00fa discutes sobre palabras que nadie ha dicho, hay personas reales, hombres, mujeres, ni\u00f1os y familias enteras, que mueren de hambre.\u201d<\/p>\n\n\n\n<p><strong>\u00bfStreet Marketing vs Online Marketing?<\/strong><\/p>\n\n\n\n<p>Oxfam dio un paso m\u00e1s y traspas\u00f3 el l\u00edmite digital para hacer campa\u00f1a en la calle.<\/p>\n\n\n\n<p>La pol\u00e9mica sobre la gu\u00eda de inclusi\u00f3n del lenguaje estaba limitaba al entorno digital y a los medios de comunicaci\u00f3n. Esta campa\u00f1a del \u201cF\u2026Word\u201d, en cambio, se lanz\u00f3 tanto en el entorno digital, como en los medios de comunicaci\u00f3n y en la calle, a trav\u00e9s de acciones de Street Marketing muy llamativas.<\/p>\n\n\n\n<p>Con marquesinas, coches con carteler\u00eda, pantallas e incluso iluminando edificios emblem\u00e1ticos.<\/p>\n\n\n\n<figure class=\"wp-block-image size-full\"><img loading=\"lazy\" decoding=\"async\" width=\"656\" height=\"750\" src=\"https:\/\/adroitinsight.com\/wp-content\/uploads\/2023\/04\/oxfam_f-word.png\" alt=\"\" class=\"wp-image-1535\" srcset=\"https:\/\/adroitinsight.com\/wp-content\/uploads\/2023\/04\/oxfam_f-word.png 656w, https:\/\/adroitinsight.com\/wp-content\/uploads\/2023\/04\/oxfam_f-word-262x300.png 262w\" sizes=\"auto, (max-width: 656px) 100vw, 656px\" \/><\/figure>\n\n\n\n<p><strong>Con estas acciones Oxfam no s\u00f3lo cambi\u00f3 el tema de conversaci\u00f3n, tambi\u00e9n recuper\u00f3 la iniciativa de la conversaci\u00f3n y pudo ser protagonista en los medios de comunicaci\u00f3n para enfocar el debate en el trabajo y los objetivos de la organizaci\u00f3n. Esta vez no en base a menciones por parte de periodistas, sino en persona.<\/strong><\/p>\n\n\n\n<figure class=\"wp-block-image size-full\"><img loading=\"lazy\" decoding=\"async\" width=\"750\" height=\"647\" src=\"https:\/\/adroitinsight.com\/wp-content\/uploads\/2023\/04\/Oxfam_question-time.png\" alt=\"\" class=\"wp-image-1532\" srcset=\"https:\/\/adroitinsight.com\/wp-content\/uploads\/2023\/04\/Oxfam_question-time.png 750w, https:\/\/adroitinsight.com\/wp-content\/uploads\/2023\/04\/Oxfam_question-time-300x259.png 300w\" sizes=\"auto, (max-width: 750px) 100vw, 750px\" \/><\/figure>\n\n\n\n<div style=\"height:93px\" aria-hidden=\"true\" class=\"wp-block-spacer\"><\/div>\n\n\n\n<h3 class=\"wp-block-heading has-teal-color has-text-color\">Desarrollo de estrategias de comunicaci\u00f3n<\/h3>\n\n\n\n<p>En futuras comunicaciones pueden tener en cuenta aspectos como familia, maternidad y paternidad, para incorporarlos en un punto de vista quiz\u00e1s mas atrayente para sectores m\u00e1s conservadores.<\/p>\n\n\n\n<p>Esto podr\u00eda facilitar la conexi\u00f3n con personas que sin duda alguna no quieren que nadie se muera de hambre, pero que reaccionan con m\u00e1s facilidad si se les explica el problema desde un punto de vista que incorpora preocupaciones que ellos tienen: la familia, por ejemplo. <\/p>\n\n\n\n<p>En otros pa\u00edses, como Espa\u00f1a, Italia o Alemania podr\u00eda producirse una reacci\u00f3n similar si Oxfam comparte esta gu\u00eda y los medios de comunicaci\u00f3n o un grupo de influencers se hace eco de ella.<\/p>\n\n\n\n<p>Por lo que ser\u00eda recomendable para la organizaci\u00f3n preparar con antelaci\u00f3n una estrategia de comunicaci\u00f3n para hacer frente a la controversia y comentarios negativos que pudieran generarse.<\/p>\n\n\n\n<p>En el caso concreto de Espa\u00f1a, quiz\u00e1s ser\u00eda a\u00fan m\u00e1s prioritario teniendo en cuenta que el debate sobre el lenguaje inclusivo, los derechos del colectivo trans y la realidad de las personas no binarias ya han generado un debate de gran calado, con leyes a favor y corrientes activamente en contra que han producido mucha polarizaci\u00f3n en la sociedad.<\/p>\n\n\n\n<p><\/p>\n\n\n\n<div style=\"height:71px\" aria-hidden=\"true\" class=\"wp-block-spacer\"><\/div>\n\n\n\n<p>Autora: Marina Fernandez.<\/p>\n\n\n\n<hr class=\"wp-block-separator has-alpha-channel-opacity\"\/>\n\n\n\n<p><strong>\u00bfQuieres saber m\u00e1s sobre como Social Listening puede ayudarte a entender mejor a tu audiencia?<\/strong>  <strong><a href=\"https:\/\/adroitinsight.com\/es\/contacto\/\" data-type=\"page\" data-id=\"29\">Cont\u00e1ctanos aqu\u00ed:<\/a><\/strong>  <a href=\"https:\/\/adroitinsight.com\/es\/contacto\/\" data-type=\"URL\" data-id=\"https:\/\/adroitinsight.com\/es\/contacto\/\"><strong>ADROIT DATA &amp; INSIGHT<\/strong><\/a><\/p>\n","protected":false},"excerpt":{"rendered":"<p>Un an\u00e1lisis de Social Listening aplicado a la reacci\u00f3n de la audiencia digital a la gu\u00eda de lenguaje inclusivo de Oxfam.<\/p>\n","protected":false},"author":2,"featured_media":2575,"comment_status":"closed","ping_status":"closed","sticky":false,"template":"","format":"standard","meta":{"_acf_changed":false,"footnotes":""},"categories":[24],"tags":[38,29,39],"class_list":["post-2800","post","type-post","status-publish","format-standard","has-post-thumbnail","hentry","category-insight-es","tag-analisis-de-audiencias-es","tag-digital-analyisis","tag-reputacion-de-marca-es"],"acf":[],"yoast_head":"<!-- This site is optimized with the Yoast SEO plugin v27.4 - https:\/\/yoast.com\/product\/yoast-seo-wordpress\/ -->\n<title>OXFAM y la crisis del lenguaje ofensivo | Adroit Insight<\/title>\n<meta name=\"robots\" content=\"index, follow, max-snippet:-1, max-image-preview:large, max-video-preview:-1\" \/>\n<link rel=\"canonical\" href=\"https:\/\/adroitinsight.com\/es\/oxfam-y-la-crisis-del-lenguaje-ofensivo\/\" \/>\n<meta property=\"og:locale\" content=\"es_ES\" \/>\n<meta property=\"og:type\" content=\"article\" \/>\n<meta property=\"og:title\" content=\"OXFAM y la crisis del lenguaje ofensivo | Adroit Insight\" \/>\n<meta property=\"og:description\" content=\"Un an\u00e1lisis de Social Listening aplicado a la reacci\u00f3n de la audiencia digital a la gu\u00eda de lenguaje inclusivo de Oxfam.\" \/>\n<meta property=\"og:url\" content=\"https:\/\/adroitinsight.com\/es\/oxfam-y-la-crisis-del-lenguaje-ofensivo\/\" \/>\n<meta property=\"og:site_name\" content=\"Adroit Insight\" \/>\n<meta property=\"article:published_time\" content=\"2023-04-24T08:50:00+00:00\" \/>\n<meta property=\"article:modified_time\" content=\"2023-05-09T12:56:39+00:00\" \/>\n<meta property=\"og:image\" content=\"https:\/\/adroitinsight.com\/wp-content\/uploads\/2023\/04\/Inclusive-language-guide-1024x546.png\" \/>\n\t<meta property=\"og:image:width\" content=\"1024\" \/>\n\t<meta property=\"og:image:height\" content=\"546\" \/>\n\t<meta property=\"og:image:type\" content=\"image\/png\" \/>\n<meta name=\"author\" content=\"James Long\" \/>\n<meta name=\"twitter:card\" content=\"summary_large_image\" \/>\n<meta name=\"twitter:label1\" content=\"Escrito por\" \/>\n\t<meta name=\"twitter:data1\" content=\"James Long\" \/>\n\t<meta name=\"twitter:label2\" content=\"Tiempo de lectura\" \/>\n\t<meta name=\"twitter:data2\" content=\"22 minutos\" \/>\n<script type=\"application\/ld+json\" class=\"yoast-schema-graph\">{\"@context\":\"https:\\\/\\\/schema.org\",\"@graph\":[{\"@type\":\"Article\",\"@id\":\"https:\\\/\\\/adroitinsight.com\\\/es\\\/oxfam-y-la-crisis-del-lenguaje-ofensivo\\\/#article\",\"isPartOf\":{\"@id\":\"https:\\\/\\\/adroitinsight.com\\\/es\\\/oxfam-y-la-crisis-del-lenguaje-ofensivo\\\/\"},\"author\":{\"name\":\"James Long\",\"@id\":\"https:\\\/\\\/adroitinsight.com\\\/#\\\/schema\\\/person\\\/c30843732fe5c444222f1bca4595adff\"},\"headline\":\"OXFAM y la crisis del lenguaje ofensivo\",\"datePublished\":\"2023-04-24T08:50:00+00:00\",\"dateModified\":\"2023-05-09T12:56:39+00:00\",\"mainEntityOfPage\":{\"@id\":\"https:\\\/\\\/adroitinsight.com\\\/es\\\/oxfam-y-la-crisis-del-lenguaje-ofensivo\\\/\"},\"wordCount\":4326,\"publisher\":{\"@id\":\"https:\\\/\\\/adroitinsight.com\\\/#organization\"},\"image\":{\"@id\":\"https:\\\/\\\/adroitinsight.com\\\/es\\\/oxfam-y-la-crisis-del-lenguaje-ofensivo\\\/#primaryimage\"},\"thumbnailUrl\":\"https:\\\/\\\/adroitinsight.com\\\/wp-content\\\/uploads\\\/2023\\\/04\\\/Inclusive-language-guide.png\",\"keywords\":[\"An\u00e1lisis de Audiencias\",\"Digital Analyisis\",\"Reputaci\u00f3n de marca\"],\"articleSection\":[\"Insight\"],\"inLanguage\":\"es\"},{\"@type\":\"WebPage\",\"@id\":\"https:\\\/\\\/adroitinsight.com\\\/es\\\/oxfam-y-la-crisis-del-lenguaje-ofensivo\\\/\",\"url\":\"https:\\\/\\\/adroitinsight.com\\\/es\\\/oxfam-y-la-crisis-del-lenguaje-ofensivo\\\/\",\"name\":\"OXFAM y la crisis del lenguaje ofensivo | Adroit Insight\",\"isPartOf\":{\"@id\":\"https:\\\/\\\/adroitinsight.com\\\/#website\"},\"primaryImageOfPage\":{\"@id\":\"https:\\\/\\\/adroitinsight.com\\\/es\\\/oxfam-y-la-crisis-del-lenguaje-ofensivo\\\/#primaryimage\"},\"image\":{\"@id\":\"https:\\\/\\\/adroitinsight.com\\\/es\\\/oxfam-y-la-crisis-del-lenguaje-ofensivo\\\/#primaryimage\"},\"thumbnailUrl\":\"https:\\\/\\\/adroitinsight.com\\\/wp-content\\\/uploads\\\/2023\\\/04\\\/Inclusive-language-guide.png\",\"datePublished\":\"2023-04-24T08:50:00+00:00\",\"dateModified\":\"2023-05-09T12:56:39+00:00\",\"breadcrumb\":{\"@id\":\"https:\\\/\\\/adroitinsight.com\\\/es\\\/oxfam-y-la-crisis-del-lenguaje-ofensivo\\\/#breadcrumb\"},\"inLanguage\":\"es\",\"potentialAction\":[{\"@type\":\"ReadAction\",\"target\":[\"https:\\\/\\\/adroitinsight.com\\\/es\\\/oxfam-y-la-crisis-del-lenguaje-ofensivo\\\/\"]}]},{\"@type\":\"ImageObject\",\"inLanguage\":\"es\",\"@id\":\"https:\\\/\\\/adroitinsight.com\\\/es\\\/oxfam-y-la-crisis-del-lenguaje-ofensivo\\\/#primaryimage\",\"url\":\"https:\\\/\\\/adroitinsight.com\\\/wp-content\\\/uploads\\\/2023\\\/04\\\/Inclusive-language-guide.png\",\"contentUrl\":\"https:\\\/\\\/adroitinsight.com\\\/wp-content\\\/uploads\\\/2023\\\/04\\\/Inclusive-language-guide.png\",\"width\":3267,\"height\":1741,\"caption\":\"Listening to social media response to Oxfam's inclusive language guide\"},{\"@type\":\"BreadcrumbList\",\"@id\":\"https:\\\/\\\/adroitinsight.com\\\/es\\\/oxfam-y-la-crisis-del-lenguaje-ofensivo\\\/#breadcrumb\",\"itemListElement\":[{\"@type\":\"ListItem\",\"position\":1,\"name\":\"Home\",\"item\":\"https:\\\/\\\/adroitinsight.com\\\/es\\\/\"},{\"@type\":\"ListItem\",\"position\":2,\"name\":\"OXFAM y la crisis del lenguaje ofensivo\"}]},{\"@type\":\"WebSite\",\"@id\":\"https:\\\/\\\/adroitinsight.com\\\/#website\",\"url\":\"https:\\\/\\\/adroitinsight.com\\\/\",\"name\":\"Adroit Insight\",\"description\":\"Data insight focused on non profit sector\",\"publisher\":{\"@id\":\"https:\\\/\\\/adroitinsight.com\\\/#organization\"},\"potentialAction\":[{\"@type\":\"SearchAction\",\"target\":{\"@type\":\"EntryPoint\",\"urlTemplate\":\"https:\\\/\\\/adroitinsight.com\\\/?s={search_term_string}\"},\"query-input\":{\"@type\":\"PropertyValueSpecification\",\"valueRequired\":true,\"valueName\":\"search_term_string\"}}],\"inLanguage\":\"es\"},{\"@type\":\"Organization\",\"@id\":\"https:\\\/\\\/adroitinsight.com\\\/#organization\",\"name\":\"Adroit Insight\",\"url\":\"https:\\\/\\\/adroitinsight.com\\\/\",\"logo\":{\"@type\":\"ImageObject\",\"inLanguage\":\"es\",\"@id\":\"https:\\\/\\\/adroitinsight.com\\\/#\\\/schema\\\/logo\\\/image\\\/\",\"url\":\"https:\\\/\\\/l8ueb9.n3cdn1.secureserver.net\\\/wp-content\\\/uploads\\\/2023\\\/02\\\/adroit-logo.png?time=1709820888\",\"contentUrl\":\"https:\\\/\\\/l8ueb9.n3cdn1.secureserver.net\\\/wp-content\\\/uploads\\\/2023\\\/02\\\/adroit-logo.png?time=1709820888\",\"width\":640,\"height\":207,\"caption\":\"Adroit Insight\"},\"image\":{\"@id\":\"https:\\\/\\\/adroitinsight.com\\\/#\\\/schema\\\/logo\\\/image\\\/\"}},{\"@type\":\"Person\",\"@id\":\"https:\\\/\\\/adroitinsight.com\\\/#\\\/schema\\\/person\\\/c30843732fe5c444222f1bca4595adff\",\"name\":\"James Long\",\"url\":\"https:\\\/\\\/adroitinsight.com\\\/es\\\/author\\\/james-long\\\/\"}]}<\/script>\n<!-- \/ Yoast SEO plugin. -->","yoast_head_json":{"title":"OXFAM y la crisis del lenguaje ofensivo | Adroit Insight","robots":{"index":"index","follow":"follow","max-snippet":"max-snippet:-1","max-image-preview":"max-image-preview:large","max-video-preview":"max-video-preview:-1"},"canonical":"https:\/\/adroitinsight.com\/es\/oxfam-y-la-crisis-del-lenguaje-ofensivo\/","og_locale":"es_ES","og_type":"article","og_title":"OXFAM y la crisis del lenguaje ofensivo | Adroit Insight","og_description":"Un an\u00e1lisis de Social Listening aplicado a la reacci\u00f3n de la audiencia digital a la gu\u00eda de lenguaje inclusivo de Oxfam.","og_url":"https:\/\/adroitinsight.com\/es\/oxfam-y-la-crisis-del-lenguaje-ofensivo\/","og_site_name":"Adroit Insight","article_published_time":"2023-04-24T08:50:00+00:00","article_modified_time":"2023-05-09T12:56:39+00:00","og_image":[{"width":1024,"height":546,"url":"https:\/\/adroitinsight.com\/wp-content\/uploads\/2023\/04\/Inclusive-language-guide-1024x546.png","type":"image\/png"}],"author":"James Long","twitter_card":"summary_large_image","twitter_misc":{"Escrito por":"James Long","Tiempo de lectura":"22 minutos"},"schema":{"@context":"https:\/\/schema.org","@graph":[{"@type":"Article","@id":"https:\/\/adroitinsight.com\/es\/oxfam-y-la-crisis-del-lenguaje-ofensivo\/#article","isPartOf":{"@id":"https:\/\/adroitinsight.com\/es\/oxfam-y-la-crisis-del-lenguaje-ofensivo\/"},"author":{"name":"James Long","@id":"https:\/\/adroitinsight.com\/#\/schema\/person\/c30843732fe5c444222f1bca4595adff"},"headline":"OXFAM y la crisis del lenguaje ofensivo","datePublished":"2023-04-24T08:50:00+00:00","dateModified":"2023-05-09T12:56:39+00:00","mainEntityOfPage":{"@id":"https:\/\/adroitinsight.com\/es\/oxfam-y-la-crisis-del-lenguaje-ofensivo\/"},"wordCount":4326,"publisher":{"@id":"https:\/\/adroitinsight.com\/#organization"},"image":{"@id":"https:\/\/adroitinsight.com\/es\/oxfam-y-la-crisis-del-lenguaje-ofensivo\/#primaryimage"},"thumbnailUrl":"https:\/\/adroitinsight.com\/wp-content\/uploads\/2023\/04\/Inclusive-language-guide.png","keywords":["An\u00e1lisis de Audiencias","Digital Analyisis","Reputaci\u00f3n de marca"],"articleSection":["Insight"],"inLanguage":"es"},{"@type":"WebPage","@id":"https:\/\/adroitinsight.com\/es\/oxfam-y-la-crisis-del-lenguaje-ofensivo\/","url":"https:\/\/adroitinsight.com\/es\/oxfam-y-la-crisis-del-lenguaje-ofensivo\/","name":"OXFAM y la crisis del lenguaje ofensivo | Adroit Insight","isPartOf":{"@id":"https:\/\/adroitinsight.com\/#website"},"primaryImageOfPage":{"@id":"https:\/\/adroitinsight.com\/es\/oxfam-y-la-crisis-del-lenguaje-ofensivo\/#primaryimage"},"image":{"@id":"https:\/\/adroitinsight.com\/es\/oxfam-y-la-crisis-del-lenguaje-ofensivo\/#primaryimage"},"thumbnailUrl":"https:\/\/adroitinsight.com\/wp-content\/uploads\/2023\/04\/Inclusive-language-guide.png","datePublished":"2023-04-24T08:50:00+00:00","dateModified":"2023-05-09T12:56:39+00:00","breadcrumb":{"@id":"https:\/\/adroitinsight.com\/es\/oxfam-y-la-crisis-del-lenguaje-ofensivo\/#breadcrumb"},"inLanguage":"es","potentialAction":[{"@type":"ReadAction","target":["https:\/\/adroitinsight.com\/es\/oxfam-y-la-crisis-del-lenguaje-ofensivo\/"]}]},{"@type":"ImageObject","inLanguage":"es","@id":"https:\/\/adroitinsight.com\/es\/oxfam-y-la-crisis-del-lenguaje-ofensivo\/#primaryimage","url":"https:\/\/adroitinsight.com\/wp-content\/uploads\/2023\/04\/Inclusive-language-guide.png","contentUrl":"https:\/\/adroitinsight.com\/wp-content\/uploads\/2023\/04\/Inclusive-language-guide.png","width":3267,"height":1741,"caption":"Listening to social media response to Oxfam's inclusive language guide"},{"@type":"BreadcrumbList","@id":"https:\/\/adroitinsight.com\/es\/oxfam-y-la-crisis-del-lenguaje-ofensivo\/#breadcrumb","itemListElement":[{"@type":"ListItem","position":1,"name":"Home","item":"https:\/\/adroitinsight.com\/es\/"},{"@type":"ListItem","position":2,"name":"OXFAM y la crisis del lenguaje ofensivo"}]},{"@type":"WebSite","@id":"https:\/\/adroitinsight.com\/#website","url":"https:\/\/adroitinsight.com\/","name":"Adroit Insight","description":"Data insight focused on non profit sector","publisher":{"@id":"https:\/\/adroitinsight.com\/#organization"},"potentialAction":[{"@type":"SearchAction","target":{"@type":"EntryPoint","urlTemplate":"https:\/\/adroitinsight.com\/?s={search_term_string}"},"query-input":{"@type":"PropertyValueSpecification","valueRequired":true,"valueName":"search_term_string"}}],"inLanguage":"es"},{"@type":"Organization","@id":"https:\/\/adroitinsight.com\/#organization","name":"Adroit Insight","url":"https:\/\/adroitinsight.com\/","logo":{"@type":"ImageObject","inLanguage":"es","@id":"https:\/\/adroitinsight.com\/#\/schema\/logo\/image\/","url":"https:\/\/l8ueb9.n3cdn1.secureserver.net\/wp-content\/uploads\/2023\/02\/adroit-logo.png?time=1709820888","contentUrl":"https:\/\/l8ueb9.n3cdn1.secureserver.net\/wp-content\/uploads\/2023\/02\/adroit-logo.png?time=1709820888","width":640,"height":207,"caption":"Adroit Insight"},"image":{"@id":"https:\/\/adroitinsight.com\/#\/schema\/logo\/image\/"}},{"@type":"Person","@id":"https:\/\/adroitinsight.com\/#\/schema\/person\/c30843732fe5c444222f1bca4595adff","name":"James Long","url":"https:\/\/adroitinsight.com\/es\/author\/james-long\/"}]}},"_links":{"self":[{"href":"https:\/\/adroitinsight.com\/es\/wp-json\/wp\/v2\/posts\/2800","targetHints":{"allow":["GET"]}}],"collection":[{"href":"https:\/\/adroitinsight.com\/es\/wp-json\/wp\/v2\/posts"}],"about":[{"href":"https:\/\/adroitinsight.com\/es\/wp-json\/wp\/v2\/types\/post"}],"author":[{"embeddable":true,"href":"https:\/\/adroitinsight.com\/es\/wp-json\/wp\/v2\/users\/2"}],"replies":[{"embeddable":true,"href":"https:\/\/adroitinsight.com\/es\/wp-json\/wp\/v2\/comments?post=2800"}],"version-history":[{"count":6,"href":"https:\/\/adroitinsight.com\/es\/wp-json\/wp\/v2\/posts\/2800\/revisions"}],"predecessor-version":[{"id":2817,"href":"https:\/\/adroitinsight.com\/es\/wp-json\/wp\/v2\/posts\/2800\/revisions\/2817"}],"wp:featuredmedia":[{"embeddable":true,"href":"https:\/\/adroitinsight.com\/es\/wp-json\/wp\/v2\/media\/2575"}],"wp:attachment":[{"href":"https:\/\/adroitinsight.com\/es\/wp-json\/wp\/v2\/media?parent=2800"}],"wp:term":[{"taxonomy":"category","embeddable":true,"href":"https:\/\/adroitinsight.com\/es\/wp-json\/wp\/v2\/categories?post=2800"},{"taxonomy":"post_tag","embeddable":true,"href":"https:\/\/adroitinsight.com\/es\/wp-json\/wp\/v2\/tags?post=2800"}],"curies":[{"name":"wp","href":"https:\/\/api.w.org\/{rel}","templated":true}]}}